{"id":3376,"date":"2025-06-19T01:15:26","date_gmt":"2025-06-19T09:15:26","guid":{"rendered":"https:\/\/byfeeder.net\/?p=3376"},"modified":"2025-06-19T01:15:27","modified_gmt":"2025-06-19T09:15:27","slug":"esnek-ambalaj-baskisinin-gelecegi","status":"publish","type":"post","link":"https:\/\/byfeeder.net\/tr\/esnek-ambalaj-baskisinin-gelecegi\/","title":{"rendered":"Esnek Ambalaj Bask\u0131s\u0131n\u0131n Gelece\u011fi"},"content":{"rendered":"<p>Esnek ambalaj bask\u0131s\u0131, t\u00fcketici tercihleri daha \u00e7evre dostu, \u00f6zelle\u015ftirilebilir ve becerikli \u00e7\u00f6z\u00fcmlere do\u011fru kayd\u0131k\u00e7a sekt\u00f6rde h\u0131zla devrim yarat\u0131yor. Profesyoneller ve i\u015fletmeler bu alan\u0131n daha da b\u00fcy\u00fcd\u00fck\u00e7e neleri gerektirdi\u011fini ara\u015ft\u0131rd\u0131k\u00e7a geli\u015fmi\u015f esnek ambalaj bask\u0131 sistemlerine olan talep artmaya devam ediyor. Bu makalede, esnek bask\u0131n\u0131n end\u00fcstrileri d\u00f6n\u00fc\u015ft\u00fcr\u00fcrken bug\u00fcn ne anlama geldi\u011fine ve gelecekteki geli\u015fme beklentilerine bak\u0131yoruz.<\/p><figure class=\"wp-block-image size-full\"><img fetchpriority=\"high\" decoding=\"async\" width=\"800\" height=\"600\" src=\"https:\/\/byfeeder.net\/wp-content\/uploads\/2025\/06\/Flexible-Packaging-Printing.webp\" alt=\"Esnek Ambalaj Bask\u0131s\u0131\" class=\"wp-image-3381\" srcset=\"https:\/\/byfeeder.net\/wp-content\/uploads\/2025\/06\/Flexible-Packaging-Printing.webp 800w, https:\/\/byfeeder.net\/wp-content\/uploads\/2025\/06\/Flexible-Packaging-Printing-300x225.webp 300w, https:\/\/byfeeder.net\/wp-content\/uploads\/2025\/06\/Flexible-Packaging-Printing-768x576.webp 768w, https:\/\/byfeeder.net\/wp-content\/uploads\/2025\/06\/Flexible-Packaging-Printing-16x12.webp 16w, https:\/\/byfeeder.net\/wp-content\/uploads\/2025\/06\/Flexible-Packaging-Printing-600x450.webp 600w\" sizes=\"(max-width: 800px) 100vw, 800px\" \/><\/figure><h2 class=\"wp-block-heading\" style=\"font-size:20px\">Esnek Ambalaj Bask\u0131s\u0131 Nedir?<\/h2><p>Esnek ambalaj bask\u0131s\u0131, kolayca b\u00fck\u00fclebilen, katlanabilen veya sar\u0131labilen ambalaj malzemelerine grafik, markalama ve \u00fcr\u00fcn bilgisi uygulama s\u00fcrecini ifade eder. Bunlara plastik filmler, folyo laminatlar ve ka\u011f\u0131t bazl\u0131 alt tabakalar dahildir. S\u00fcre\u00e7, hem i\u015flevsellik hem de pazarlama a\u00e7\u0131s\u0131ndan kritik bir rol oynar ve uyumluluk ve izlenebilirli\u011fi garanti ederken paketleri \u00e7ekici hale getirir.<\/p><p>G\u00fcn\u00fcm\u00fcz pazar\u0131nda, \u00f6zel esnek ambalaj bask\u0131s\u0131, markalar\u0131n g\u0131dadan ila\u00e7lara kadar uzanan \u00fcr\u00fcn kategorileri i\u00e7in son derece \u00f6zel ambalaj \u00e7\u00f6z\u00fcmleriyle kendilerini farkl\u0131la\u015ft\u0131rmalar\u0131na olanak sa\u011fl\u0131yor.<\/p><h2 class=\"wp-block-heading\" style=\"font-size:20px\">Esnek Bask\u0131 ve Paketleme Neden \u00d6nemlidir?<\/h2><p>Esnek malzemeler hafiftir, dayan\u0131kl\u0131d\u0131r ve at\u0131\u011f\u0131 azalt\u0131r. Bu \u00f6zellikler ger\u00e7ek i\u015f avantajlar\u0131na d\u00f6n\u00fc\u015f\u00fcr: daha d\u00fc\u015f\u00fck nakliye maliyetleri, uzat\u0131lm\u0131\u015f raf \u00f6mr\u00fc ve iyile\u015ftirilmi\u015f \u00e7evresel performans. Bunu geli\u015fmi\u015f esnek ambalaj bask\u0131 sistemleriyle birle\u015ftirin ve markalar art\u0131k daha h\u0131zl\u0131 h\u0131zlarda ve daha d\u00fc\u015f\u00fck maliyetlerle canl\u0131, bilgilendirici tasar\u0131mlar \u00fcretebilir.<\/p><p>Form ve fonksiyonun birle\u015fimi esnek bask\u0131 ve ambalaj\u0131 ambalaj d\u00fcnyas\u0131n\u0131n en dinamik sekt\u00f6rlerinden biri haline getirmi\u015ftir.<\/p><h2 class=\"wp-block-heading\" style=\"font-size:20px\">Esnek Ambalaj Bask\u0131 S\u00fcrecinin \u0130\u00e7inde<\/h2><p>Esnek ambalaj bask\u0131 s\u00fcreci genellikle bask\u0131 \u00f6ncesi tasar\u0131m, dosya haz\u0131rlama ve renk ayr\u0131m\u0131 ile ba\u015flar. Bunu, birka\u00e7 temel teknolojiden birinin kullan\u0131ld\u0131\u011f\u0131 bask\u0131 takip eder:<\/p><ul class=\"wp-block-list\"><li>Fleksografi, verimlili\u011fi ve \u00e7ok \u00e7e\u015fitli malzemelere bask\u0131 yapabilmesi nedeniyle pop\u00fcler bir se\u00e7imdir. B\u00fcy\u00fck tirajlar i\u00e7in idealdir ve h\u0131zl\u0131 teslim s\u00fcreleri sunar.<\/li>\n\n<li>Rotograv\u00fcr, \u00f6zellikle karma\u015f\u0131k tasar\u0131mlar i\u00e7in y\u00fcksek kaliteli sonu\u00e7lar sa\u011flar, ancak genellikle daha maliyetlidir ve uzun tirajlar i\u00e7in uygundur.<\/li>\n\n<li>Dijital bask\u0131 ise, k\u0131sa tirajl\u0131 bask\u0131lar\u0131 h\u0131zl\u0131 bir \u015fekilde ve kal\u0131plara ihtiya\u00e7 duymadan \u00fcretme kabiliyetiyle sekt\u00f6rde devrim yarat\u0131yor ve bu \u00f6zelli\u011fiyle \u00f6zel, esnek ambalaj bask\u0131lar\u0131 i\u00e7in m\u00fckemmel bir se\u00e7enek haline geliyor.<\/li><\/ul><figure class=\"wp-block-image size-full\"><img decoding=\"async\" width=\"800\" height=\"600\" src=\"https:\/\/byfeeder.net\/wp-content\/uploads\/2025\/06\/Flexible-Packaging-Printing-Process.webp\" alt=\"Esnek Ambalaj Bask\u0131 S\u00fcreci\" class=\"wp-image-3382\" srcset=\"https:\/\/byfeeder.net\/wp-content\/uploads\/2025\/06\/Flexible-Packaging-Printing-Process.webp 800w, https:\/\/byfeeder.net\/wp-content\/uploads\/2025\/06\/Flexible-Packaging-Printing-Process-300x225.webp 300w, https:\/\/byfeeder.net\/wp-content\/uploads\/2025\/06\/Flexible-Packaging-Printing-Process-768x576.webp 768w, https:\/\/byfeeder.net\/wp-content\/uploads\/2025\/06\/Flexible-Packaging-Printing-Process-16x12.webp 16w, https:\/\/byfeeder.net\/wp-content\/uploads\/2025\/06\/Flexible-Packaging-Printing-Process-600x450.webp 600w\" sizes=\"(max-width: 800px) 100vw, 800px\" \/><\/figure><p>Bunlar aras\u0131nda dijital bask\u0131 esnek ambalaj, kal\u0131plara olan ihtiyac\u0131 ortadan kald\u0131rarak ve talep \u00fczerine tam renkli bask\u0131ya olanak sa\u011flayarak inovasyona \u00f6nc\u00fcl\u00fck ediyor.<\/p><h2 class=\"wp-block-heading\" style=\"font-size:20px\">Dijital Bask\u0131 Esnek Ambalaj: Oyunun Kurallar\u0131n\u0131 De\u011fi\u015ftiren Bir \u015eey<\/h2><p>Dijital bask\u0131 esnek ambalaj, markalara daha k\u0131sa, \u00f6zelle\u015ftirilmi\u015f bask\u0131 tirajlar\u0131n\u0131 daha az kurulum s\u00fcresi ve daha d\u00fc\u015f\u00fck \u00e7evresel etkiyle \u00fcretme g\u00fcc\u00fc verir. Promosyon kampanyalar\u0131ndan ki\u015fiselle\u015ftirilmi\u015f \u00fcr\u00fcn lansmanlar\u0131na kadar, dijital bask\u0131 pazarlama ekiplerini g\u00fc\u00e7lendiriyor ve operasyonel darbo\u011fazlar\u0131 azalt\u0131yor.<\/p><p>\u00d6zel esnek ambalaj bask\u0131s\u0131n\u0131 benimseyen i\u015fletmeler, envanter israf\u0131n\u0131 azaltarak, pazara sunma h\u0131z\u0131n\u0131 art\u0131rarak ve geleneksel bask\u0131 y\u00f6ntemlerinin maliyeti olmadan mevsimsel veya s\u0131n\u0131rl\u0131 say\u0131da \u00fcretilen \u00fcr\u00fcnleri deneyerek rekabette avantaj elde ediyor.<\/p><h2 class=\"wp-block-heading\" style=\"font-size:20px\">Esnek Ambalaj Bask\u0131 Sistemlerinde Otomasyon ve Teknoloji<\/h2><p>Teknolojik geli\u015fmeler <a href=\"http:\/\/byfeeder.net\/tr\/\">esnek ambalaj bask\u0131 sistemleri<\/a> \u00fcretim alanlar\u0131n\u0131 d\u00f6n\u00fc\u015ft\u00fcr\u00fcyor. Otomasyon, b\u00fcy\u00fck partilerde tutarl\u0131 bask\u0131 kalitesi sa\u011flarken i\u015fg\u00fcc\u00fc ihtiya\u00e7lar\u0131n\u0131 ve insan hatas\u0131n\u0131 azalt\u0131yor. Sistemler art\u0131k ger\u00e7ek zamanl\u0131 izleme, hassas gerginlik kontrolleri ve renk tutarl\u0131l\u0131\u011f\u0131n\u0131 ve malzeme hizalamas\u0131n\u0131 garanti eden ak\u0131ll\u0131 sens\u00f6rlerle donat\u0131lm\u0131\u015ft\u0131r.<\/p><figure class=\"wp-block-image size-full\"><img decoding=\"async\" width=\"800\" height=\"600\" src=\"https:\/\/byfeeder.net\/wp-content\/uploads\/2025\/06\/Automation-and-Technology-in-Flexible-Packaging.webp\" alt=\"Esnek Paketlemede Otomasyon ve Teknoloji\" class=\"wp-image-3383\" srcset=\"https:\/\/byfeeder.net\/wp-content\/uploads\/2025\/06\/Automation-and-Technology-in-Flexible-Packaging.webp 800w, https:\/\/byfeeder.net\/wp-content\/uploads\/2025\/06\/Automation-and-Technology-in-Flexible-Packaging-300x225.webp 300w, https:\/\/byfeeder.net\/wp-content\/uploads\/2025\/06\/Automation-and-Technology-in-Flexible-Packaging-768x576.webp 768w, https:\/\/byfeeder.net\/wp-content\/uploads\/2025\/06\/Automation-and-Technology-in-Flexible-Packaging-16x12.webp 16w, https:\/\/byfeeder.net\/wp-content\/uploads\/2025\/06\/Automation-and-Technology-in-Flexible-Packaging-600x450.webp 600w\" sizes=\"(max-width: 800px) 100vw, 800px\" \/><\/figure><h3 class=\"wp-block-heading\" style=\"font-size:18px\">Verimlili\u011fi Destekleme: S\u00fcrt\u00fcnme Besleyicilerin Rol\u00fc<\/h3><p>Modern i\u015f ak\u0131\u015flar\u0131 genellikle \u015funlar\u0131 i\u00e7erir: <a href=\"https:\/\/byfeeder.net\/tr\/surtunme-besleyiciler\/\">s\u00fcrt\u00fcnme besleyiciler<\/a> po\u015fetlerin, ambalajlar\u0131n ve esnek alt tabakalar\u0131n dijital veya fleksografik yaz\u0131c\u0131lara beslenmesini otomatikle\u015ftirmek i\u00e7in. Bu makineler, s\u0131k\u0131 bask\u0131 kayd\u0131n\u0131 korumak ve esnek ambalaj bask\u0131 s\u00fcrecinde malzeme israf\u0131n\u0131 en aza indirmek i\u00e7in kritik olan p\u00fcr\u00fczs\u00fcz, y\u00fcksek h\u0131zl\u0131 teslimat ve konumland\u0131rma sa\u011flar.<\/p><figure class=\"wp-block-image size-full\"><img loading=\"lazy\" decoding=\"async\" width=\"800\" height=\"600\" src=\"https:\/\/byfeeder.net\/wp-content\/uploads\/2025\/06\/friction-feeders-to-automate-the-feeding-of-pouches.webp\" alt=\"po\u015fetlerin beslenmesini otomatikle\u015ftirmek i\u00e7in s\u00fcrt\u00fcnmeli besleyiciler\" class=\"wp-image-3384\" srcset=\"https:\/\/byfeeder.net\/wp-content\/uploads\/2025\/06\/friction-feeders-to-automate-the-feeding-of-pouches.webp 800w, https:\/\/byfeeder.net\/wp-content\/uploads\/2025\/06\/friction-feeders-to-automate-the-feeding-of-pouches-300x225.webp 300w, https:\/\/byfeeder.net\/wp-content\/uploads\/2025\/06\/friction-feeders-to-automate-the-feeding-of-pouches-768x576.webp 768w, https:\/\/byfeeder.net\/wp-content\/uploads\/2025\/06\/friction-feeders-to-automate-the-feeding-of-pouches-16x12.webp 16w, https:\/\/byfeeder.net\/wp-content\/uploads\/2025\/06\/friction-feeders-to-automate-the-feeding-of-pouches-600x450.webp 600w\" sizes=\"(max-width: 800px) 100vw, 800px\" \/><\/figure><h2 class=\"wp-block-heading\" style=\"font-size:20px\">Kariyer G\u00f6r\u00fcn\u00fcm\u00fc: Esnek Bask\u0131 ve Paketleme \u0130\u015fleri<\/h2><p>B\u00fcy\u00fcyen sekt\u00f6r, tasar\u0131m, bask\u0131 \u00f6ncesi, bask\u0131 operasyonu, otomasyon, s\u00fcrd\u00fcr\u00fclebilirlik ve lojistik alanlar\u0131nda roller sunan esnek bask\u0131 ve paketleme i\u015flerinde bir art\u0131\u015fa yol a\u00e7t\u0131. Dijital bask\u0131 uzmanl\u0131\u011f\u0131 veya \u00e7evre dostu malzemeler konusunda deneyimi olan profesyonellere \u00f6zellikle talep var.<\/p><p>Dijital bask\u0131 esnek ambalajlama daha yayg\u0131n bir \u015fekilde benimsendik\u00e7e, de\u011fi\u015fken veri programlama, s\u00fcrd\u00fcr\u00fclebilir malzeme geli\u015ftirme ve ak\u0131ll\u0131 ambalaj entegrasyonu gibi yeni alanlarda i\u015f f\u0131rsatlar\u0131 geni\u015fliyor.<\/p><h2 class=\"wp-block-heading\" style=\"font-size:20px\">Esnek Ambalaj Bask\u0131s\u0131nda S\u0131rada Ne Var?<\/h2><p>Esnek ambalaj bask\u0131 sistemlerinde AI ve IoT teknolojilerinin daha derin bir \u015fekilde entegre edilmesini bekleyin. Ak\u0131ll\u0131 ambalaj\u0131n y\u00fckseli\u015fte olmas\u0131yla, tasar\u0131m, etkile\u015fim ve s\u00fcrd\u00fcr\u00fclebilirlik aras\u0131ndaki sinerji t\u00fcketici kat\u0131l\u0131m\u0131n\u0131 yeniden tan\u0131mlamaya devam edecektir.<\/p><p>Dijital d\u00f6n\u00fc\u015f\u00fcme ve \u00f6zel esnek ambalaj bask\u0131 yeteneklerine yat\u0131r\u0131m yapan markalar, bir sonraki inovasyon dalgas\u0131na \u00f6nc\u00fcl\u00fck etmek i\u00e7in en iyi konumda olacaklar.<\/p><h2 class=\"wp-block-heading\" style=\"font-size:20px\">Bence<\/h2><p>Esnek ambalaj bask\u0131s\u0131 bir trendden daha fazlas\u0131d\u0131r; \u00fcr\u00fcnlerin nas\u0131l korundu\u011fu, pazarland\u0131\u011f\u0131 ve teslim edildi\u011fi konusundaki gelecek. \u0130ster dijital bask\u0131 esnek ambalaj, otomasyonla geli\u015ftirilmi\u015f sistemler veya s\u00fcrd\u00fcr\u00fclebilir uygulamalar olsun, bu alan f\u0131rsatlarla doludur.<\/p><p>\u00c7evik giri\u015fimlerden k\u00fcresel markalara kadar, modern esnek ambalaj bask\u0131 sistemlerine yat\u0131r\u0131m yapan i\u015fletmeler geli\u015fmi\u015f h\u0131z, s\u00fcrd\u00fcr\u00fclebilirlik ve pazar alaka d\u00fczeyinin keyfini \u00e7\u0131karacak.<\/p><p>Dinamik ve gelece\u011fe haz\u0131r kariyerler arayan profesyoneller i\u00e7in esnek bask\u0131 ve paketleme i\u015fleri, h\u0131zla b\u00fcy\u00fcyen ve inovasyon odakl\u0131 bir sekt\u00f6rde \u00f6d\u00fcllendirici f\u0131rsatlar sunuyor.<\/p><p><\/p>","protected":false},"excerpt":{"rendered":"<p>Esnek ambalaj bask\u0131 trendlerini, dijital yenilikleri, otomasyonu ve esnek bask\u0131 ve ambalaj end\u00fcstrilerinde b\u00fcy\u00fcmeyi y\u00f6nlendiren \u00f6zel \u00e7\u00f6z\u00fcmleri ke\u015ffedin.<\/p>","protected":false},"author":1,"featured_media":3381,"comment_status":"closed","ping_status":"open","sticky":false,"template":"","format":"standard","meta":{"_acf_changed":false,"footnotes":""},"categories":[1],"tags":[],"class_list":["post-3376","post","type-post","status-publish","format-standard","has-post-thumbnail","hentry","category-blog"],"acf":[],"yoast_head":"<!-- This site is optimized with the Yoast SEO plugin v25.3.1 - https:\/\/yoast.com\/wordpress\/plugins\/seo\/ -->\n<title>The Future of Flexible Packaging Printing<\/title>\n<meta name=\"description\" content=\"Explore the future of flexible packaging printing, including digital printing, automation, custom designs, and career paths in flexible printing and packaging jobs.\" \/>\n<meta name=\"robots\" content=\"index, follow, max-snippet:-1, max-image-preview:large, max-video-preview:-1\" \/>\n<link rel=\"canonical\" href=\"https:\/\/byfeeder.net\/tr\/esnek-ambalaj-baskisinin-gelecegi\/\" \/>\n<meta property=\"og:locale\" content=\"tr_TR\" \/>\n<meta property=\"og:type\" content=\"article\" \/>\n<meta property=\"og:title\" content=\"The Future of Flexible Packaging Printing\" \/>\n<meta property=\"og:description\" content=\"Explore the future of flexible packaging printing, including digital printing, automation, custom designs, and career paths in flexible printing and packaging jobs.\" \/>\n<meta property=\"og:url\" content=\"https:\/\/byfeeder.net\/tr\/esnek-ambalaj-baskisinin-gelecegi\/\" \/>\n<meta property=\"og:site_name\" content=\"BYFeeder\" \/>\n<meta property=\"article:published_time\" content=\"2025-06-19T09:15:26+00:00\" \/>\n<meta property=\"article:modified_time\" content=\"2025-06-19T09:15:27+00:00\" \/>\n<meta property=\"og:image\" content=\"https:\/\/byfeeder.net\/wp-content\/uploads\/2025\/06\/Flexible-Packaging-Printing.webp\" \/>\n\t<meta property=\"og:image:width\" content=\"800\" \/>\n\t<meta property=\"og:image:height\" content=\"600\" \/>\n\t<meta property=\"og:image:type\" content=\"image\/webp\" \/>\n<meta name=\"author\" content=\"546320092@qq.com\" \/>\n<meta name=\"twitter:card\" content=\"summary_large_image\" \/>\n<meta name=\"twitter:label1\" content=\"Yazan:\" \/>\n\t<meta name=\"twitter:data1\" content=\"546320092@qq.com\" \/>\n\t<meta name=\"twitter:label2\" content=\"Tahmini okuma s\u00fcresi\" \/>\n\t<meta name=\"twitter:data2\" content=\"5 dakika\" \/>\n<script type=\"application\/ld+json\" class=\"yoast-schema-graph\">{\"@context\":\"https:\/\/schema.org\",\"@graph\":[{\"@type\":\"Article\",\"@id\":\"https:\/\/byfeeder.net\/the-future-of-flexible-packaging-printing\/#article\",\"isPartOf\":{\"@id\":\"https:\/\/byfeeder.net\/the-future-of-flexible-packaging-printing\/\"},\"author\":{\"name\":\"546320092@qq.com\",\"@id\":\"https:\/\/byfeeder.net\/#\/schema\/person\/559c0f1850e7761ee3f51503e645834a\"},\"headline\":\"The Future of Flexible Packaging Printing\",\"datePublished\":\"2025-06-19T09:15:26+00:00\",\"dateModified\":\"2025-06-19T09:15:27+00:00\",\"mainEntityOfPage\":{\"@id\":\"https:\/\/byfeeder.net\/the-future-of-flexible-packaging-printing\/\"},\"wordCount\":765,\"publisher\":{\"@id\":\"https:\/\/byfeeder.net\/#organization\"},\"image\":{\"@id\":\"https:\/\/byfeeder.net\/the-future-of-flexible-packaging-printing\/#primaryimage\"},\"thumbnailUrl\":\"https:\/\/byfeeder.net\/wp-content\/uploads\/2025\/06\/Flexible-Packaging-Printing.webp\",\"articleSection\":[\"Blog\"],\"inLanguage\":\"tr\"},{\"@type\":\"WebPage\",\"@id\":\"https:\/\/byfeeder.net\/the-future-of-flexible-packaging-printing\/\",\"url\":\"https:\/\/byfeeder.net\/the-future-of-flexible-packaging-printing\/\",\"name\":\"The Future of Flexible Packaging Printing\",\"isPartOf\":{\"@id\":\"https:\/\/byfeeder.net\/#website\"},\"primaryImageOfPage\":{\"@id\":\"https:\/\/byfeeder.net\/the-future-of-flexible-packaging-printing\/#primaryimage\"},\"image\":{\"@id\":\"https:\/\/byfeeder.net\/the-future-of-flexible-packaging-printing\/#primaryimage\"},\"thumbnailUrl\":\"https:\/\/byfeeder.net\/wp-content\/uploads\/2025\/06\/Flexible-Packaging-Printing.webp\",\"datePublished\":\"2025-06-19T09:15:26+00:00\",\"dateModified\":\"2025-06-19T09:15:27+00:00\",\"description\":\"Explore the future of flexible packaging printing, including digital printing, automation, custom designs, and career paths in flexible printing and packaging jobs.\",\"breadcrumb\":{\"@id\":\"https:\/\/byfeeder.net\/the-future-of-flexible-packaging-printing\/#breadcrumb\"},\"inLanguage\":\"tr\",\"potentialAction\":[{\"@type\":\"ReadAction\",\"target\":[\"https:\/\/byfeeder.net\/the-future-of-flexible-packaging-printing\/\"]}]},{\"@type\":\"ImageObject\",\"inLanguage\":\"tr\",\"@id\":\"https:\/\/byfeeder.net\/the-future-of-flexible-packaging-printing\/#primaryimage\",\"url\":\"https:\/\/byfeeder.net\/wp-content\/uploads\/2025\/06\/Flexible-Packaging-Printing.webp\",\"contentUrl\":\"https:\/\/byfeeder.net\/wp-content\/uploads\/2025\/06\/Flexible-Packaging-Printing.webp\",\"width\":800,\"height\":600,\"caption\":\"Flexible Packaging Printing\"},{\"@type\":\"BreadcrumbList\",\"@id\":\"https:\/\/byfeeder.net\/the-future-of-flexible-packaging-printing\/#breadcrumb\",\"itemListElement\":[{\"@type\":\"ListItem\",\"position\":1,\"name\":\"Home\",\"item\":\"https:\/\/byfeeder.net\/\"},{\"@type\":\"ListItem\",\"position\":2,\"name\":\"The Future of Flexible Packaging Printing\"}]},{\"@type\":\"WebSite\",\"@id\":\"https:\/\/byfeeder.net\/#website\",\"url\":\"https:\/\/byfeeder.net\/\",\"name\":\"BYFeeder\",\"description\":\"Packaging Feeding and Rewinding System Solutions Manufacturer\",\"publisher\":{\"@id\":\"https:\/\/byfeeder.net\/#organization\"},\"potentialAction\":[{\"@type\":\"SearchAction\",\"target\":{\"@type\":\"EntryPoint\",\"urlTemplate\":\"https:\/\/byfeeder.net\/?s={search_term_string}\"},\"query-input\":{\"@type\":\"PropertyValueSpecification\",\"valueRequired\":true,\"valueName\":\"search_term_string\"}}],\"inLanguage\":\"tr\"},{\"@type\":\"Organization\",\"@id\":\"https:\/\/byfeeder.net\/#organization\",\"name\":\"BY\",\"url\":\"https:\/\/byfeeder.net\/\",\"logo\":{\"@type\":\"ImageObject\",\"inLanguage\":\"tr\",\"@id\":\"https:\/\/byfeeder.net\/#\/schema\/logo\/image\/\",\"url\":\"https:\/\/byfeeder.net\/wp-content\/uploads\/2025\/05\/byfeeder-logo.webp\",\"contentUrl\":\"https:\/\/byfeeder.net\/wp-content\/uploads\/2025\/05\/byfeeder-logo.webp\",\"width\":512,\"height\":512,\"caption\":\"BY\"},\"image\":{\"@id\":\"https:\/\/byfeeder.net\/#\/schema\/logo\/image\/\"}},{\"@type\":\"Person\",\"@id\":\"https:\/\/byfeeder.net\/#\/schema\/person\/559c0f1850e7761ee3f51503e645834a\",\"name\":\"546320092@qq.com\",\"image\":{\"@type\":\"ImageObject\",\"inLanguage\":\"tr\",\"@id\":\"https:\/\/byfeeder.net\/#\/schema\/person\/image\/\",\"url\":\"https:\/\/secure.gravatar.com\/avatar\/c8f05c01cc144f8d6baad6382be73a59?s=96&d=mm&r=g\",\"contentUrl\":\"https:\/\/secure.gravatar.com\/avatar\/c8f05c01cc144f8d6baad6382be73a59?s=96&d=mm&r=g\",\"caption\":\"546320092@qq.com\"},\"sameAs\":[\"http:\/\/byfeeder.net\"]}]}<\/script>\n<!-- \/ Yoast SEO plugin. -->","yoast_head_json":{"title":"Esnek Ambalaj Bask\u0131s\u0131n\u0131n Gelece\u011fi","description":"Dijital bask\u0131, otomasyon, \u00f6zel tasar\u0131mlar ve esnek bask\u0131 ve paketleme i\u015flerindeki kariyer yollar\u0131 dahil olmak \u00fczere esnek ambalaj bask\u0131s\u0131n\u0131n gelece\u011fini ke\u015ffedin.","robots":{"index":"index","follow":"follow","max-snippet":"max-snippet:-1","max-image-preview":"max-image-preview:large","max-video-preview":"max-video-preview:-1"},"canonical":"https:\/\/byfeeder.net\/tr\/esnek-ambalaj-baskisinin-gelecegi\/","og_locale":"tr_TR","og_type":"article","og_title":"The Future of Flexible Packaging Printing","og_description":"Explore the future of flexible packaging printing, including digital printing, automation, custom designs, and career paths in flexible printing and packaging jobs.","og_url":"https:\/\/byfeeder.net\/tr\/esnek-ambalaj-baskisinin-gelecegi\/","og_site_name":"BYFeeder","article_published_time":"2025-06-19T09:15:26+00:00","article_modified_time":"2025-06-19T09:15:27+00:00","og_image":[{"width":800,"height":600,"url":"https:\/\/byfeeder.net\/wp-content\/uploads\/2025\/06\/Flexible-Packaging-Printing.webp","type":"image\/webp"}],"author":"546320092@qq.com","twitter_card":"summary_large_image","twitter_misc":{"Yazan:":"546320092@qq.com","Tahmini okuma s\u00fcresi":"5 dakika"},"schema":{"@context":"https:\/\/schema.org","@graph":[{"@type":"Article","@id":"https:\/\/byfeeder.net\/the-future-of-flexible-packaging-printing\/#article","isPartOf":{"@id":"https:\/\/byfeeder.net\/the-future-of-flexible-packaging-printing\/"},"author":{"name":"546320092@qq.com","@id":"https:\/\/byfeeder.net\/#\/schema\/person\/559c0f1850e7761ee3f51503e645834a"},"headline":"The Future of Flexible Packaging Printing","datePublished":"2025-06-19T09:15:26+00:00","dateModified":"2025-06-19T09:15:27+00:00","mainEntityOfPage":{"@id":"https:\/\/byfeeder.net\/the-future-of-flexible-packaging-printing\/"},"wordCount":765,"publisher":{"@id":"https:\/\/byfeeder.net\/#organization"},"image":{"@id":"https:\/\/byfeeder.net\/the-future-of-flexible-packaging-printing\/#primaryimage"},"thumbnailUrl":"https:\/\/byfeeder.net\/wp-content\/uploads\/2025\/06\/Flexible-Packaging-Printing.webp","articleSection":["Blog"],"inLanguage":"tr"},{"@type":"WebPage","@id":"https:\/\/byfeeder.net\/the-future-of-flexible-packaging-printing\/","url":"https:\/\/byfeeder.net\/the-future-of-flexible-packaging-printing\/","name":"Esnek Ambalaj Bask\u0131s\u0131n\u0131n Gelece\u011fi","isPartOf":{"@id":"https:\/\/byfeeder.net\/#website"},"primaryImageOfPage":{"@id":"https:\/\/byfeeder.net\/the-future-of-flexible-packaging-printing\/#primaryimage"},"image":{"@id":"https:\/\/byfeeder.net\/the-future-of-flexible-packaging-printing\/#primaryimage"},"thumbnailUrl":"https:\/\/byfeeder.net\/wp-content\/uploads\/2025\/06\/Flexible-Packaging-Printing.webp","datePublished":"2025-06-19T09:15:26+00:00","dateModified":"2025-06-19T09:15:27+00:00","description":"Dijital bask\u0131, otomasyon, \u00f6zel tasar\u0131mlar ve esnek bask\u0131 ve paketleme i\u015flerindeki kariyer yollar\u0131 dahil olmak \u00fczere esnek ambalaj bask\u0131s\u0131n\u0131n gelece\u011fini ke\u015ffedin.","breadcrumb":{"@id":"https:\/\/byfeeder.net\/the-future-of-flexible-packaging-printing\/#breadcrumb"},"inLanguage":"tr","potentialAction":[{"@type":"ReadAction","target":["https:\/\/byfeeder.net\/the-future-of-flexible-packaging-printing\/"]}]},{"@type":"ImageObject","inLanguage":"tr","@id":"https:\/\/byfeeder.net\/the-future-of-flexible-packaging-printing\/#primaryimage","url":"https:\/\/byfeeder.net\/wp-content\/uploads\/2025\/06\/Flexible-Packaging-Printing.webp","contentUrl":"https:\/\/byfeeder.net\/wp-content\/uploads\/2025\/06\/Flexible-Packaging-Printing.webp","width":800,"height":600,"caption":"Flexible Packaging Printing"},{"@type":"BreadcrumbList","@id":"https:\/\/byfeeder.net\/the-future-of-flexible-packaging-printing\/#breadcrumb","itemListElement":[{"@type":"ListItem","position":1,"name":"Home","item":"https:\/\/byfeeder.net\/"},{"@type":"ListItem","position":2,"name":"The Future of Flexible Packaging Printing"}]},{"@type":"WebSite","@id":"https:\/\/byfeeder.net\/#website","url":"https:\/\/byfeeder.net\/","name":"Besleyici ile","description":"Paketleme Besleme ve Geri Sarma Sistemi \u00c7\u00f6z\u00fcmleri \u00dcreticisi","publisher":{"@id":"https:\/\/byfeeder.net\/#organization"},"potentialAction":[{"@type":"SearchAction","target":{"@type":"EntryPoint","urlTemplate":"https:\/\/byfeeder.net\/?s={search_term_string}"},"query-input":{"@type":"PropertyValueSpecification","valueRequired":true,"valueName":"search_term_string"}}],"inLanguage":"tr"},{"@type":"Organization","@id":"https:\/\/byfeeder.net\/#organization","name":"\u0130LE","url":"https:\/\/byfeeder.net\/","logo":{"@type":"ImageObject","inLanguage":"tr","@id":"https:\/\/byfeeder.net\/#\/schema\/logo\/image\/","url":"https:\/\/byfeeder.net\/wp-content\/uploads\/2025\/05\/byfeeder-logo.webp","contentUrl":"https:\/\/byfeeder.net\/wp-content\/uploads\/2025\/05\/byfeeder-logo.webp","width":512,"height":512,"caption":"BY"},"image":{"@id":"https:\/\/byfeeder.net\/#\/schema\/logo\/image\/"}},{"@type":"Person","@id":"https:\/\/byfeeder.net\/#\/schema\/person\/559c0f1850e7761ee3f51503e645834a","name":"546320092@qq.com","image":{"@type":"ImageObject","inLanguage":"tr","@id":"https:\/\/byfeeder.net\/#\/schema\/person\/image\/","url":"https:\/\/secure.gravatar.com\/avatar\/c8f05c01cc144f8d6baad6382be73a59?s=96&d=mm&r=g","contentUrl":"https:\/\/secure.gravatar.com\/avatar\/c8f05c01cc144f8d6baad6382be73a59?s=96&d=mm&r=g","caption":"546320092@qq.com"},"sameAs":["http:\/\/byfeeder.net"]}]}},"_links":{"self":[{"href":"https:\/\/byfeeder.net\/tr\/wp-json\/wp\/v2\/posts\/3376"}],"collection":[{"href":"https:\/\/byfeeder.net\/tr\/wp-json\/wp\/v2\/posts"}],"about":[{"href":"https:\/\/byfeeder.net\/tr\/wp-json\/wp\/v2\/types\/post"}],"author":[{"embeddable":true,"href":"https:\/\/byfeeder.net\/tr\/wp-json\/wp\/v2\/users\/1"}],"replies":[{"embeddable":true,"href":"https:\/\/byfeeder.net\/tr\/wp-json\/wp\/v2\/comments?post=3376"}],"version-history":[{"count":4,"href":"https:\/\/byfeeder.net\/tr\/wp-json\/wp\/v2\/posts\/3376\/revisions"}],"predecessor-version":[{"id":3385,"href":"https:\/\/byfeeder.net\/tr\/wp-json\/wp\/v2\/posts\/3376\/revisions\/3385"}],"wp:featuredmedia":[{"embeddable":true,"href":"https:\/\/byfeeder.net\/tr\/wp-json\/wp\/v2\/media\/3381"}],"wp:attachment":[{"href":"https:\/\/byfeeder.net\/tr\/wp-json\/wp\/v2\/media?parent=3376"}],"wp:term":[{"taxonomy":"category","embeddable":true,"href":"https:\/\/byfeeder.net\/tr\/wp-json\/wp\/v2\/categories?post=3376"},{"taxonomy":"post_tag","embeddable":true,"href":"https:\/\/byfeeder.net\/tr\/wp-json\/wp\/v2\/tags?post=3376"}],"curies":[{"name":"wp","href":"https:\/\/api.w.org\/{rel}","templated":true}]}}